{"id":8743,"global_id":"bonaireisland.com\/es\/?id=8743","global_id_lineage":["bonaireisland.com\/es\/?id=8743"],"author":"3","status":"publish","date":"2023-06-22 17:42:10","date_utc":"2023-06-22 21:42:10","modified":"2023-07-10 12:53:22","modified_utc":"2023-07-10 16:53:22","url":"https:\/\/bonaireisland.com\/es\/calendario-de-eventos\/semana-del-turismo\/","rest_url":"https:\/\/bonaireisland.com\/es\/wp-json\/tribe\/events\/v1\/events\/8743","title":"Semana del Turismo","description":"<p>Esta semana est\u00e1 dedicada al sector tur\u00edstico para concienciar a la gente sobre el desarrollo que est\u00e1 teniendo lugar en la isla. Habr\u00e1 una cumbre tur\u00edstica donde los socios de la isla se reunir\u00e1n para intercambiar ideas sobre soluciones para los problemas del sector. Adem\u00e1s, habr\u00e1 un concurso sobre turismo para que los j\u00f3venes de la isla se involucren y una campa\u00f1a educativa para ense\u00f1ar a los ni\u00f1os sobre las maravillas del sector del turismo.<\/p>","excerpt":"","slug":"semana-del-turismo","image":{"url":"https:\/\/bonaireisland.com\/wp-content\/uploads\/2023\/06\/RTP_2807-e1687464238555.jpg","id":7759,"extension":"jpg","width":1771,"height":1177,"filesize":873995,"sizes":{"medium":{"width":300,"height":199,"mime-type":"image\/jpeg","filesize":39856,"url":"https:\/\/bonaireisland.com\/wp-content\/uploads\/2023\/06\/RTP_2807-300x199.jpg"},"large":{"width":1024,"height":681,"mime-type":"image\/jpeg","filesize":153020,"url":"https:\/\/bonaireisland.com\/wp-content\/uploads\/2023\/06\/RTP_2807-1024x681.jpg"},"thumbnail":{"width":150,"height":150,"mime-type":"image\/jpeg","filesize":30619,"url":"https:\/\/bonaireisland.com\/wp-content\/uploads\/2023\/06\/RTP_2807-150x150.jpg"},"medium_large":{"width":768,"height":510,"mime-type":"image\/jpeg","filesize":103177,"url":"https:\/\/bonaireisland.com\/wp-content\/uploads\/2023\/06\/RTP_2807-768x510.jpg"},"1536x1536":{"width":1536,"height":1021,"mime-type":"image\/jpeg","filesize":283451,"url":"https:\/\/bonaireisland.com\/wp-content\/uploads\/2023\/06\/RTP_2807-1536x1021.jpg"},"wysiwyg":{"width":500,"height":332,"mime-type":"image\/jpeg","filesize":62513,"url":"https:\/\/bonaireisland.com\/wp-content\/uploads\/2023\/06\/RTP_2807-500x332.jpg"},"image-card":{"width":500,"height":500,"mime-type":"image\/jpeg","filesize":77405,"url":"https:\/\/bonaireisland.com\/wp-content\/uploads\/2023\/06\/RTP_2807-500x500.jpg"},"activity":{"width":750,"height":550,"mime-type":"image\/jpeg","filesize":106136,"url":"https:\/\/bonaireisland.com\/wp-content\/uploads\/2023\/06\/RTP_2807-750x550.jpg"}}},"all_day":true,"start_date":"2023-09-25 00:00:00","start_date_details":{"year":"2023","month":"09","day":"25","hour":"00","minutes":"00","seconds":"00"},"end_date":"2023-09-29 23:59:59","end_date_details":{"year":"2023","month":"09","day":"29","hour":"23","minutes":"59","seconds":"59"},"utc_start_date":"2023-09-25 04:00:00","utc_start_date_details":{"year":"2023","month":"09","day":"25","hour":"04","minutes":"00","seconds":"00"},"utc_end_date":"2023-09-30 03:59:59","utc_end_date_details":{"year":"2023","month":"09","day":"30","hour":"03","minutes":"59","seconds":"59"},"timezone":"America\/Kralendijk","timezone_abbr":"AST","cost":"","cost_details":{"currency_symbol":"","currency_code":"","currency_position":"prefix","values":[]},"website":"","show_map":false,"show_map_link":true,"hide_from_listings":false,"sticky":false,"featured":false,"categories":[],"tags":[],"venue":[],"organizer":[],"custom_fields":[],"json_ld":{"@context":"http:\/\/schema.org","@type":"Event","name":"Semana del Turismo","description":"&lt;p&gt;Esta semana est\u00e1 dedicada al sector tur\u00edstico para concienciar a la gente sobre el desarrollo que est\u00e1 teniendo lugar en la isla. Habr\u00e1 una cumbre tur\u00edstica donde los socios de...&lt;\/p&gt;\\n","image":"https:\/\/bonaireisland.com\/wp-content\/uploads\/2023\/06\/RTP_2807-e1687464238555.jpg","url":"https:\/\/bonaireisland.com\/es\/calendario-de-eventos\/semana-del-turismo\/","eventAttendanceMode":"https:\/\/schema.org\/OfflineEventAttendanceMode","eventStatus":"https:\/\/schema.org\/EventScheduled","startDate":"2023-09-25T00:00:00-04:00","endDate":"2023-09-29T23:59:59-04:00","performer":"Organization"},"is_virtual":false,"virtual_url":null,"virtual_video_source":""}